{"id":2706,"date":"2016-01-27T09:34:48","date_gmt":"2016-01-27T08:34:48","guid":{"rendered":"http:\/\/florium.fr\/de\/tres-prochainement\/"},"modified":"2018-06-13T09:11:18","modified_gmt":"2018-06-13T08:11:18","slug":"nouveautes-camping-cars-foires-salons-septembre-octobre-2015","status":"publish","type":"post","link":"https:\/\/www.fleurette-florium.fr\/de\/nouveautes-camping-cars-foires-salons-septembre-octobre-2015\/","title":{"rendered":"RETROUVEZ LE CALENDRIER DES MANIFESTATIONS FLORIUM"},"content":{"rendered":"<h5>Consultez la liste ci-apr\u00e8s pour conna\u00eetre les dates pr\u00e9cises\u00a0op\u00e9rations portes-ouvertes,\u00a0salons et foires o\u00f9 seront\u00a0pr\u00e9sent\u00e9s les nouveaut\u00e9s camping-cars Florium.<br \/>\nNous vous attendons nombreux pour vous faire d\u00e9couvrir la nouvelle collection 2016 des camping-cars prestige de FLORIUM.<\/h5>\n<p><!--more--><\/p>\n<p><strong>OPERATIONS PORTES-OUVERTES :<\/strong><\/p>\n<p>Du 27\/01 au 30\/01 2016\u00a0: L.D.L Benet (85)<\/p>\n<p>Du 02\/02 au 07\/02\/2016 : Camping-Cars de Touraine &#8211; Veretz (37)<\/p>\n<p>Du 18\/02 au 20\/02\/2016\u00a0: JPO VIP Fleurette &lsquo;La haute couture du camping-car &#8211; Vienne Aventure \u2013 Naintr\u00e9 (86)<\/p>\n<p>Du 01\/03 au 06\/03\/2016\u00a0: Arc en Ciel \u2013 Guidel (56)<\/p>\n<p><span style=\"color: #000000; font-family: Calibri; font-size: medium;\">Du 4\/03 au 19\/03\/2016\u00a0: Lestringuez Seclin (59) et Lestringuez Beauvois en Cambr\u00e9sis (59). Ouverture le dimanche 6 mars \u00e0 Beauvois en Cambr\u00e9sis et le dimanche 13 mars \u00e0 Seclin<\/span><\/p>\n<p>03\/03\/2016 : Journ\u00e9e VIP Fleurette\/Florium &#8211; Ouest Evasion La M\u00e9zi\u00e8re (35)<\/p>\n<p>Du 05\/03 au 06\/03\/2016\u00a0: Vienne Aventure \u2013 Naintr\u00e9 (86)<\/p>\n<p>Du 05\/03 au 20\/03\/2016\u00a0: Jura Loisirs \u2013 Villeneuve sur Pimont (39)<\/p>\n<p>Du 05\/03 au 20\/03\/2016 : Ouest Evasion &#8211; La M\u00e9zi\u00e8re (35)<\/p>\n<p>Du 06\/03 au 13\/03\/2016 : Loisirs Camping Cars &#8211; Duppigheim (67)<\/p>\n<p>Du 05\/03 au 20\/03\/2016 : Mistral Camping Car Mandelieu la Napoule (06)<\/p>\n<p>Du 07\/03 au 27\/03\/2016\u00a0: Evasion 77 \u2013 Claye Souilly (77)<\/p>\n<p>Du 08\/03 au 19\/03 2016\u00a0: Andrieux Camping-Cars \u2013 Malataverne (26)<\/p>\n<p><span style=\"color: #000000; font-family: Calibri; font-size: medium;\">Du 10\/03 au 13\/03\/2016\u00a0: Isacar \u2013 Charvonnex (74)<\/span><\/p>\n<p>Du 12\/03 au 13\/03\/2016\u00a0: Vienne Aventure \u2013 Naintr\u00e9 (86)<\/p>\n<p>Du 14\/04 au 17\/04\/2016 : Sp\u00e9ciales incontournables Mistral Camping-Cars &#8211; Mandelieu (06)<\/p>\n<p>17\/03\/2016\u00a0: Portes-ouvertes Fleurette\u00a0\/ Florium VIP \u2013 Caravaning Central Nantes (44)<\/p>\n<p>01\/04 au 09\/04\/2016 : Horizon Bordeaux &#8211; Eysines (33)<\/p>\n<p>19\/04 au 24\/04\/2016 : Arc en Ciel &#8211; Guidel (56)<\/p>\n<p>20\/04 au 24\/04\/2016 : Bonjour Caravaning 29 &#8211; Le Faou (29)<\/p>\n<p>21\/04 au 24\/04\/2016 : Jacqueline &#8211; Pl\u00e9n\u00e9e Jugnon (22)<\/p>\n<p>21\/04 au 24\/04\/2016 : 4 Jours Incroyables &#8211; Camping-Cars 69 &#8211; St Priest \u00a0(69)<\/p>\n<p>28\/04 au 02\/05\/2016 : Horizon Caen &#8211; Verson (14)<\/p>\n<p>28\/04 au 29\/04\/2016 : Journ\u00e9es Privil\u00e8ge au Ch\u00e2teau de Pr\u00e9mesques &#8211; Lestringuez (59)<\/p>\n<p>&nbsp;<\/p>\n<p><strong>SALONS\u00a0:<\/strong><\/p>\n<p>Du 29\/01 au 31\/01\/2016\u00a0: Turissimo Strasbourg \u2013 Loisirs Camping-Cars (67)<\/p>\n<p>Du 04\/02 au 07\/02\/2016\u00a0: Foire de Caen \u2013 Horizon Caen (14)<\/p>\n<p>Du 04\/02 au 07\/02\/2016 : Salon de Lyon (Lyon Eurexpo) \u00a0&#8211; Camping Car 69 (69)<\/p>\n<p>Du 11\/02 au 14\/02\/2016\u00a0: Salon de Toulouse \u2013 Parc des expos \u2013 TPL Castel Camping-Cars (31)<\/p>\n<p>Du 12\/02 au 20\/02\/2016\u00a0: Salon du v\u00e9hicule d\u2019occasion \u2013 Isacar (74)<\/p>\n<p>Du 25\/02 au 28\/02\/2016\u00a0: Salon du VO de Douai \u2013 Lestringuez (59)<\/p>\n<p>Du 25\/02 au 28\/02\/2016\u00a0: Salon du camping-car et de la caravane de Beauvais \u2013 Wattelier CC (60)<\/p>\n<p>Du 03\/03 au 06\/03\/2016\u00a0: Printemps\u00a0du Camping-Car \/ parc des expos &#8211; Loisireo Agen (47)<\/p>\n<p>Du 03\/03 au 06\/03\/2016\u00a0: Salon du Camping-Car de St Etienne \u2013 Loisirs Concept (42)<\/p>\n<p>Du 03\/03 au 06\/03\/2016 : Salon de Narbonne &#8211; TPL Castel Camping-Cars (11)<\/p>\n<p>Du 04\/03 au 06\/03\/2016\u00a0: Salon de Chamb\u00e9ry \u2013 Isacar Loisirs (74)<\/p>\n<p>Du 04\/03 au 07\/03\/2016 : Salon du camping-car de St L\u00f4 &#8211; Sosson Evasion (50)<\/p>\n<p>Du 19\/03 au 28\/03\/2016 : Foire de Rennes &#8211; Ouest Evasion (35)<\/p>\n<p>Du 25\/03 au 03\/04\/2016\u00a0: Foire de Rouen \u2013 Idlycar Caravane Service Jousse (76)<\/p>\n<p>Du 31\/03 au 03\/04\/2016\u00a0: Salon du Camping-Car de Clermont Ferrand (Studio 120 face au Z\u00e9nith)\u2013 Evasion 63 (63)<\/p>\n<p>Du 01\/04 au 11\/04\/2016 : Foire de Nantes &#8211; Caravaning Central 44 (44)<\/p>\n<p>Du 07\/04 au 12\/04\/2016 : Salon du Camping-Car et du Fourgon Am\u00e9nag\u00e9\u00a0 de B\u00e9ziers &#8211; TPL (34)<\/p>\n<p>Du 16\/04 au 20\/04\/2016\u00a0: Foire d\u2019Angers (49) \u2013 Caravaning Central<\/p>\n<p>Du 19\/04 au 22\/04\/2016 : Salon du Camping-Car d&rsquo;Arzal &#8211; Arc en Ciel (56)<\/p>\n<p>Du 22\/04 au 24\/04\/2016 : Salon de Vernon St Just &#8211; Caravane Services Jousse (76)<\/p>\n<p><span style=\"color: #000000; font-family: Calibri; font-size: medium;\">Du 28\/04 au 09\/05\/2016\u00a0: Foire de la Roche sur Foron (74) &#8211; Isacar<\/span><\/p>\n<p>Du 28\/04 au 02\/05\/2016 : Salon du Camping-Car de la Vienne &#8211; Vienne Aventure (76)<\/p>\n<p>Du 29\/04 au 02\/05\/2016 : Foire de Niort &#8211; Lucas Loisirs Diffusion (79)<\/p>\n<p>Du 14\/05 au 22\/05\/2016 : Foire internationale de Bordeaux &#8211; Horizon Bordeaux (33)<\/p>\n<p>Du 06 au 15\/05\/2016\u00a0: Foire de Tours \u2013 Camping Cars de Touraine (37)<\/p>\n<p>Du 19\/05 au 22\/05\/2016 ; Salon du Camping-Car d&rsquo;Arzal &#8211; Arc en Ciel (56)<\/p>\n<p>Du 17\/06 au 19\/06\/2016 :\u00a0Vire Exposition Camping-Cars \/ Vire Hippodrome &#8211; Horizon Caen (14)<\/p>\n<p>Du 23\/06 au 26\/06\/2016 : Peujard Expo Vente (33240) &#8211; Horizon Bordeaux (33)<\/p>\n<p>Du 01\/07 au 03\/07\/2016 :\u00a0Rendez-Vous Camping-Cars &#8211; Ch\u00e2teau de la Fresnaye\/\u00a0Falaise &#8211; Horizon Caen (14)<\/p>\n<p><strong>CLUB FLEURETTE\u00a0:<\/strong><\/p>\n<p>29\/05\/2016\u00a0: Rassemblement annuel Club Fleurette &#8211; Cahors<\/p>\n","protected":false},"excerpt":{"rendered":"<p>Consultez la liste ci-apr\u00e8s pour conna\u00eetre les dates pr\u00e9cises\u00a0op\u00e9rations portes-ouvertes,\u00a0salons et foires o\u00f9 seront\u00a0pr\u00e9sent\u00e9s les nouveaut\u00e9s camping-cars Florium. Nous vous attendons nombreux pour vous faire d\u00e9couvrir la nouvelle collection 2016 des camping-cars prestige de FLORIUM.<\/p>\n","protected":false},"author":8,"featured_media":0,"comment_status":"closed","ping_status":"closed","sticky":false,"template":"","format":"standard","meta":{"_acf_changed":false,"footnotes":""},"categories":[55,59],"tags":[113,114,115],"class_list":["post-2706","post","type-post","status-publish","format-standard","hentry","category-au-fil-de-lactualite-de","category-foires-et-salons-de","tag-camping-car-de","tag-portes-ouvertes-de","tag-salons-de"],"acf":[],"yoast_head":"<!-- This site is optimized with the Yoast SEO plugin v27.5 - https:\/\/yoast.com\/product\/yoast-seo-wordpress\/ -->\n<title>Lancement des nouveaut\u00e9s camping-cars sur salons - Floirum<\/title>\n<meta name=\"description\" content=\"A vos agendas, pour visiter les nouveaut\u00e9s camping-cars Florium 2016, consultez la liste des salons et foires o\u00f9 toute l&#039;\u00e9quipe Florium vous attend.\" \/>\n<meta name=\"robots\" content=\"index, follow, max-snippet:-1, max-image-preview:large, max-video-preview:-1\" \/>\n<link rel=\"canonical\" href=\"https:\/\/www.fleurette-florium.fr\/de\/nouveautes-camping-cars-foires-salons-septembre-octobre-2015\/\" \/>\n<meta property=\"og:locale\" content=\"de_DE\" \/>\n<meta property=\"og:type\" content=\"article\" \/>\n<meta property=\"og:title\" content=\"Lancement des nouveaut\u00e9s camping-cars sur salons - Floirum\" \/>\n<meta property=\"og:description\" content=\"A vos agendas, pour visiter les nouveaut\u00e9s camping-cars Florium 2016, consultez la liste des salons et foires o\u00f9 toute l&#039;\u00e9quipe Florium vous attend.\" \/>\n<meta property=\"og:url\" content=\"https:\/\/www.fleurette-florium.fr\/de\/nouveautes-camping-cars-foires-salons-septembre-octobre-2015\/\" \/>\n<meta property=\"og:site_name\" content=\"Fleurette Florium\" \/>\n<meta property=\"article:published_time\" content=\"2016-01-27T08:34:48+00:00\" \/>\n<meta property=\"article:modified_time\" content=\"2018-06-13T08:11:18+00:00\" \/>\n<meta name=\"author\" content=\"Team FLORIUM\" \/>\n<meta name=\"twitter:label1\" content=\"Verfasst von\" \/>\n\t<meta name=\"twitter:data1\" content=\"Team FLORIUM\" \/>\n\t<meta name=\"twitter:label2\" content=\"Gesch\u00e4tzte Lesezeit\" \/>\n\t<meta name=\"twitter:data2\" content=\"3 minutes\" \/>\n<script type=\"application\/ld+json\" class=\"yoast-schema-graph\">{\"@context\":\"https:\\\/\\\/schema.org\",\"@graph\":[{\"@type\":\"Article\",\"@id\":\"https:\\\/\\\/www.fleurette-florium.fr\\\/de\\\/nouveautes-camping-cars-foires-salons-septembre-octobre-2015\\\/#article\",\"isPartOf\":{\"@id\":\"https:\\\/\\\/www.fleurette-florium.fr\\\/de\\\/nouveautes-camping-cars-foires-salons-septembre-octobre-2015\\\/\"},\"author\":{\"name\":\"Team FLORIUM\",\"@id\":\"https:\\\/\\\/www.fleurette-florium.fr\\\/#\\\/schema\\\/person\\\/110a13cf811d1d2d645261b04cdd4a57\"},\"headline\":\"RETROUVEZ LE CALENDRIER DES MANIFESTATIONS FLORIUM\",\"datePublished\":\"2016-01-27T08:34:48+00:00\",\"dateModified\":\"2018-06-13T08:11:18+00:00\",\"mainEntityOfPage\":{\"@id\":\"https:\\\/\\\/www.fleurette-florium.fr\\\/de\\\/nouveautes-camping-cars-foires-salons-septembre-octobre-2015\\\/\"},\"wordCount\":539,\"publisher\":{\"@id\":\"https:\\\/\\\/www.fleurette-florium.fr\\\/#organization\"},\"keywords\":[\"camping-car\",\"portes-ouvertes\",\"salons\"],\"articleSection\":[\"Au fil de l&rsquo;actualit\u00e9\",\"Foires et salons\"],\"inLanguage\":\"de-DE\"},{\"@type\":\"WebPage\",\"@id\":\"https:\\\/\\\/www.fleurette-florium.fr\\\/de\\\/nouveautes-camping-cars-foires-salons-septembre-octobre-2015\\\/\",\"url\":\"https:\\\/\\\/www.fleurette-florium.fr\\\/de\\\/nouveautes-camping-cars-foires-salons-septembre-octobre-2015\\\/\",\"name\":\"Lancement des nouveaut\u00e9s camping-cars sur salons - Floirum\",\"isPartOf\":{\"@id\":\"https:\\\/\\\/www.fleurette-florium.fr\\\/#website\"},\"datePublished\":\"2016-01-27T08:34:48+00:00\",\"dateModified\":\"2018-06-13T08:11:18+00:00\",\"description\":\"A vos agendas, pour visiter les nouveaut\u00e9s camping-cars Florium 2016, consultez la liste des salons et foires o\u00f9 toute l'\u00e9quipe Florium vous attend.\",\"breadcrumb\":{\"@id\":\"https:\\\/\\\/www.fleurette-florium.fr\\\/de\\\/nouveautes-camping-cars-foires-salons-septembre-octobre-2015\\\/#breadcrumb\"},\"inLanguage\":\"de-DE\",\"potentialAction\":[{\"@type\":\"ReadAction\",\"target\":[\"https:\\\/\\\/www.fleurette-florium.fr\\\/de\\\/nouveautes-camping-cars-foires-salons-septembre-octobre-2015\\\/\"]}]},{\"@type\":\"BreadcrumbList\",\"@id\":\"https:\\\/\\\/www.fleurette-florium.fr\\\/de\\\/nouveautes-camping-cars-foires-salons-septembre-octobre-2015\\\/#breadcrumb\",\"itemListElement\":[{\"@type\":\"ListItem\",\"position\":1,\"name\":\"\",\"item\":\"https:\\\/\\\/www.fleurette-florium.fr\\\/de\\\/\"},{\"@type\":\"ListItem\",\"position\":2,\"name\":\"RETROUVEZ LE CALENDRIER DES MANIFESTATIONS FLORIUM\"}]},{\"@type\":\"WebSite\",\"@id\":\"https:\\\/\\\/www.fleurette-florium.fr\\\/#website\",\"url\":\"https:\\\/\\\/www.fleurette-florium.fr\\\/\",\"name\":\"Fleurette Florium\",\"description\":\"\",\"publisher\":{\"@id\":\"https:\\\/\\\/www.fleurette-florium.fr\\\/#organization\"},\"potentialAction\":[{\"@type\":\"SearchAction\",\"target\":{\"@type\":\"EntryPoint\",\"urlTemplate\":\"https:\\\/\\\/www.fleurette-florium.fr\\\/?s={search_term_string}\"},\"query-input\":{\"@type\":\"PropertyValueSpecification\",\"valueRequired\":true,\"valueName\":\"search_term_string\"}}],\"inLanguage\":\"de-DE\"},{\"@type\":\"Organization\",\"@id\":\"https:\\\/\\\/www.fleurette-florium.fr\\\/#organization\",\"name\":\"Fleurette Florium\",\"url\":\"https:\\\/\\\/www.fleurette-florium.fr\\\/\",\"logo\":{\"@type\":\"ImageObject\",\"inLanguage\":\"de-DE\",\"@id\":\"https:\\\/\\\/www.fleurette-florium.fr\\\/#\\\/schema\\\/logo\\\/image\\\/\",\"url\":\"https:\\\/\\\/www.fleurette-florium.fr\\\/wp-content\\\/uploads\\\/2021\\\/07\\\/logo-fleurette-florium-scaled.png\",\"contentUrl\":\"https:\\\/\\\/www.fleurette-florium.fr\\\/wp-content\\\/uploads\\\/2021\\\/07\\\/logo-fleurette-florium-scaled.png\",\"width\":2560,\"height\":830,\"caption\":\"Fleurette Florium\"},\"image\":{\"@id\":\"https:\\\/\\\/www.fleurette-florium.fr\\\/#\\\/schema\\\/logo\\\/image\\\/\"}},{\"@type\":\"Person\",\"@id\":\"https:\\\/\\\/www.fleurette-florium.fr\\\/#\\\/schema\\\/person\\\/110a13cf811d1d2d645261b04cdd4a57\",\"name\":\"Team FLORIUM\",\"url\":\"https:\\\/\\\/www.fleurette-florium.fr\\\/de\\\/author\\\/team-florium\\\/\"}]}<\/script>\n<!-- \/ Yoast SEO plugin. -->","yoast_head_json":{"title":"Lancement des nouveaut\u00e9s camping-cars sur salons - Floirum","description":"A vos agendas, pour visiter les nouveaut\u00e9s camping-cars Florium 2016, consultez la liste des salons et foires o\u00f9 toute l'\u00e9quipe Florium vous attend.","robots":{"index":"index","follow":"follow","max-snippet":"max-snippet:-1","max-image-preview":"max-image-preview:large","max-video-preview":"max-video-preview:-1"},"canonical":"https:\/\/www.fleurette-florium.fr\/de\/nouveautes-camping-cars-foires-salons-septembre-octobre-2015\/","og_locale":"de_DE","og_type":"article","og_title":"Lancement des nouveaut\u00e9s camping-cars sur salons - Floirum","og_description":"A vos agendas, pour visiter les nouveaut\u00e9s camping-cars Florium 2016, consultez la liste des salons et foires o\u00f9 toute l'\u00e9quipe Florium vous attend.","og_url":"https:\/\/www.fleurette-florium.fr\/de\/nouveautes-camping-cars-foires-salons-septembre-octobre-2015\/","og_site_name":"Fleurette Florium","article_published_time":"2016-01-27T08:34:48+00:00","article_modified_time":"2018-06-13T08:11:18+00:00","author":"Team FLORIUM","twitter_misc":{"Verfasst von":"Team FLORIUM","Gesch\u00e4tzte Lesezeit":"3 minutes"},"schema":{"@context":"https:\/\/schema.org","@graph":[{"@type":"Article","@id":"https:\/\/www.fleurette-florium.fr\/de\/nouveautes-camping-cars-foires-salons-septembre-octobre-2015\/#article","isPartOf":{"@id":"https:\/\/www.fleurette-florium.fr\/de\/nouveautes-camping-cars-foires-salons-septembre-octobre-2015\/"},"author":{"name":"Team FLORIUM","@id":"https:\/\/www.fleurette-florium.fr\/#\/schema\/person\/110a13cf811d1d2d645261b04cdd4a57"},"headline":"RETROUVEZ LE CALENDRIER DES MANIFESTATIONS FLORIUM","datePublished":"2016-01-27T08:34:48+00:00","dateModified":"2018-06-13T08:11:18+00:00","mainEntityOfPage":{"@id":"https:\/\/www.fleurette-florium.fr\/de\/nouveautes-camping-cars-foires-salons-septembre-octobre-2015\/"},"wordCount":539,"publisher":{"@id":"https:\/\/www.fleurette-florium.fr\/#organization"},"keywords":["camping-car","portes-ouvertes","salons"],"articleSection":["Au fil de l&rsquo;actualit\u00e9","Foires et salons"],"inLanguage":"de-DE"},{"@type":"WebPage","@id":"https:\/\/www.fleurette-florium.fr\/de\/nouveautes-camping-cars-foires-salons-septembre-octobre-2015\/","url":"https:\/\/www.fleurette-florium.fr\/de\/nouveautes-camping-cars-foires-salons-septembre-octobre-2015\/","name":"Lancement des nouveaut\u00e9s camping-cars sur salons - Floirum","isPartOf":{"@id":"https:\/\/www.fleurette-florium.fr\/#website"},"datePublished":"2016-01-27T08:34:48+00:00","dateModified":"2018-06-13T08:11:18+00:00","description":"A vos agendas, pour visiter les nouveaut\u00e9s camping-cars Florium 2016, consultez la liste des salons et foires o\u00f9 toute l'\u00e9quipe Florium vous attend.","breadcrumb":{"@id":"https:\/\/www.fleurette-florium.fr\/de\/nouveautes-camping-cars-foires-salons-septembre-octobre-2015\/#breadcrumb"},"inLanguage":"de-DE","potentialAction":[{"@type":"ReadAction","target":["https:\/\/www.fleurette-florium.fr\/de\/nouveautes-camping-cars-foires-salons-septembre-octobre-2015\/"]}]},{"@type":"BreadcrumbList","@id":"https:\/\/www.fleurette-florium.fr\/de\/nouveautes-camping-cars-foires-salons-septembre-octobre-2015\/#breadcrumb","itemListElement":[{"@type":"ListItem","position":1,"name":"","item":"https:\/\/www.fleurette-florium.fr\/de\/"},{"@type":"ListItem","position":2,"name":"RETROUVEZ LE CALENDRIER DES MANIFESTATIONS FLORIUM"}]},{"@type":"WebSite","@id":"https:\/\/www.fleurette-florium.fr\/#website","url":"https:\/\/www.fleurette-florium.fr\/","name":"Fleurette Florium","description":"","publisher":{"@id":"https:\/\/www.fleurette-florium.fr\/#organization"},"potentialAction":[{"@type":"SearchAction","target":{"@type":"EntryPoint","urlTemplate":"https:\/\/www.fleurette-florium.fr\/?s={search_term_string}"},"query-input":{"@type":"PropertyValueSpecification","valueRequired":true,"valueName":"search_term_string"}}],"inLanguage":"de-DE"},{"@type":"Organization","@id":"https:\/\/www.fleurette-florium.fr\/#organization","name":"Fleurette Florium","url":"https:\/\/www.fleurette-florium.fr\/","logo":{"@type":"ImageObject","inLanguage":"de-DE","@id":"https:\/\/www.fleurette-florium.fr\/#\/schema\/logo\/image\/","url":"https:\/\/www.fleurette-florium.fr\/wp-content\/uploads\/2021\/07\/logo-fleurette-florium-scaled.png","contentUrl":"https:\/\/www.fleurette-florium.fr\/wp-content\/uploads\/2021\/07\/logo-fleurette-florium-scaled.png","width":2560,"height":830,"caption":"Fleurette Florium"},"image":{"@id":"https:\/\/www.fleurette-florium.fr\/#\/schema\/logo\/image\/"}},{"@type":"Person","@id":"https:\/\/www.fleurette-florium.fr\/#\/schema\/person\/110a13cf811d1d2d645261b04cdd4a57","name":"Team FLORIUM","url":"https:\/\/www.fleurette-florium.fr\/de\/author\/team-florium\/"}]}},"_links":{"self":[{"href":"https:\/\/www.fleurette-florium.fr\/de\/wp-json\/wp\/v2\/posts\/2706","targetHints":{"allow":["GET"]}}],"collection":[{"href":"https:\/\/www.fleurette-florium.fr\/de\/wp-json\/wp\/v2\/posts"}],"about":[{"href":"https:\/\/www.fleurette-florium.fr\/de\/wp-json\/wp\/v2\/types\/post"}],"author":[{"embeddable":true,"href":"https:\/\/www.fleurette-florium.fr\/de\/wp-json\/wp\/v2\/users\/8"}],"replies":[{"embeddable":true,"href":"https:\/\/www.fleurette-florium.fr\/de\/wp-json\/wp\/v2\/comments?post=2706"}],"version-history":[{"count":27,"href":"https:\/\/www.fleurette-florium.fr\/de\/wp-json\/wp\/v2\/posts\/2706\/revisions"}],"predecessor-version":[{"id":3345,"href":"https:\/\/www.fleurette-florium.fr\/de\/wp-json\/wp\/v2\/posts\/2706\/revisions\/3345"}],"wp:attachment":[{"href":"https:\/\/www.fleurette-florium.fr\/de\/wp-json\/wp\/v2\/media?parent=2706"}],"wp:term":[{"taxonomy":"category","embeddable":true,"href":"https:\/\/www.fleurette-florium.fr\/de\/wp-json\/wp\/v2\/categories?post=2706"},{"taxonomy":"post_tag","embeddable":true,"href":"https:\/\/www.fleurette-florium.fr\/de\/wp-json\/wp\/v2\/tags?post=2706"}],"curies":[{"name":"wp","href":"https:\/\/api.w.org\/{rel}","templated":true}]}}